{"id":147035,"date":"2025-04-15T18:50:23","date_gmt":"2025-04-15T16:50:23","guid":{"rendered":"https:\/\/www.sound-ecology.com\/?p=147035"},"modified":"2025-04-19T15:20:24","modified_gmt":"2025-04-19T13:20:24","slug":"fortbildung-am-ifsb-mit-pflanzenwaenden-biodiversitaet-ins-gebaeude-integrieren","status":"publish","type":"post","link":"https:\/\/www.sound-ecology.com\/de\/fortbildung-am-ifsb-mit-pflanzenwaenden-biodiversitaet-ins-gebaeude-integrieren\/","title":{"rendered":"Fortbildung am IFSB: Mit Pflanzenw\u00e4nden Biodiversit\u00e4t ins Geb\u00e4ude integrieren."},"content":{"rendered":"<div class=\"wpb-content-wrapper\"><p>[vc_row row_height_percent=&#8220;0&#8243; override_padding=&#8220;yes&#8220; h_padding=&#8220;2&#8243; top_padding=&#8220;5&#8243; bottom_padding=&#8220;5&#8243; back_color=&#8220;color-611883&#8243; overlay_alpha=&#8220;50&#8243; equal_height=&#8220;yes&#8220; gutter_size=&#8220;4&#8243; column_width_percent=&#8220;100&#8243; shift_y=&#8220;0&#8243; z_index=&#8220;0&#8243; content_parallax=&#8220;0&#8243; uncode_shortcode_id=&#8220;726719&#8243; back_color_type=&#8220;uncode-palette&#8220;]<br \/>\n  [vc_column column_width_use_pixel=&#8220;yes&#8220; position_vertical=&#8220;middle&#8220; align_horizontal=&#8220;align_center&#8220; gutter_size=&#8220;3&#8243; overlay_alpha=&#8220;50&#8243; shift_x=&#8220;0&#8243; shift_y=&#8220;0&#8243; shift_y_down=&#8220;0&#8243; z_index=&#8220;0&#8243; medium_width=&#8220;0&#8243; mobile_width=&#8220;0&#8243; width=&#8220;1\/1&#8243; column_width_pixel=&#8220;1200&#8243; uncode_shortcode_id=&#8220;130738&#8243;]<br \/>\n    [vc_row_inner]<br \/>\n      [vc_column_inner column_width_percent=&#8220;100&#8243; align_horizontal=&#8220;align_right&#8220; gutter_size=&#8220;1&#8243; overlay_alpha=&#8220;50&#8243; shift_x=&#8220;0&#8243; shift_y=&#8220;0&#8243; shift_y_down=&#8220;0&#8243; z_index=&#8220;0&#8243; medium_width=&#8220;0&#8243; mobile_width=&#8220;0&#8243; width=&#8220;1\/1&#8243; uncode_shortcode_id=&#8220;456110&#8243;]<br \/>\n        [vc_single_image dynamic=&#8220;yes&#8220; media_width_percent=&#8220;100&#8243; media_ratio=&#8220;sixteen-nine&#8220; alignment=&#8220;center&#8220; uncode_shortcode_id=&#8220;121643&#8243;]<br \/>\n        [vc_column_text text_lead=&#8220;small&#8220; uncode_shortcode_id=&#8220;154865&#8243;]Elifin Realty[\/vc_column_text]<br \/>\n      [\/vc_column_inner]<br \/>\n    [\/vc_row_inner]<br \/>\n    [vc_custom_heading auto_text=&#8220;yes&#8220; heading_semantic=&#8220;h3&#8243; text_size=&#8220;fontsize-207835&#8243; uncode_shortcode_id=&#8220;204499&#8243;][\/vc_custom_heading]<br \/>\n    [vc_column_text auto_text=&#8220;excerpt&#8220; text_lead=&#8220;yes&#8220; uncode_shortcode_id=&#8220;896734&#8243;][\/vc_column_text]<br \/>\n  [\/vc_column]<br \/>\n[\/vc_row]<\/p>\n<p>[vc_row row_height_percent=&#8220;0&#8243; override_padding=&#8220;yes&#8220; h_padding=&#8220;2&#8243; top_padding=&#8220;5&#8243; bottom_padding=&#8220;5&#8243; overlay_alpha=&#8220;50&#8243; equal_height=&#8220;yes&#8220; gutter_size=&#8220;4&#8243; column_width_percent=&#8220;100&#8243; shift_y=&#8220;0&#8243; z_index=&#8220;0&#8243;]<br \/>\n  [vc_column column_width_use_pixel=&#8220;yes&#8220; position_vertical=&#8220;middle&#8220; align_horizontal=&#8220;align_center&#8220; gutter_size=&#8220;3&#8243; overlay_alpha=&#8220;50&#8243; shift_x=&#8220;0&#8243; shift_y=&#8220;0&#8243; shift_y_down=&#8220;0&#8243; z_index=&#8220;0&#8243; medium_width=&#8220;0&#8243; mobile_width=&#8220;0&#8243; width=&#8220;1\/1&#8243; column_width_pixel=&#8220;1200&#8243; uncode_shortcode_id=&#8220;105128&#8243;]<br \/>\n    [vc_row_inner]<br \/>\n      [vc_column_inner column_width_percent=&#8220;100&#8243; gutter_size=&#8220;1&#8243; overlay_alpha=&#8220;50&#8243; shift_x=&#8220;0&#8243; shift_y=&#8220;0&#8243; shift_y_down=&#8220;0&#8243; z_index=&#8220;0&#8243; medium_width=&#8220;0&#8243; mobile_width=&#8220;0&#8243; width=&#8220;2\/3&#8243; uncode_shortcode_id=&#8220;117650&#8243;]<br \/>\n        [vc_column_text text_lead=&#8220;yes&#8220; uncode_shortcode_id=&#8220;176236&#8243;]<\/p>\n<p>Am 7. April hatte das Team von Sound Ecology das Vergn\u00fcgen, eine Schulung am Sektoralen Ausbildungsinstitut f\u00fcr das Bauwesen (IFSB) durchzuf\u00fchren, die sich einem zentralen Thema der aktuellen \u00f6kologischen Herausforderungen widmete: den begr\u00fcnten Fassaden.<\/p>\n<p>Diese Veranstaltung fand im Rahmen des von der IFSB angebotenen Fortbildungsprogramms statt, das darauf abzielt, Bauprofis zu nachhaltigeren Praktiken zu begleiten. Die Schulung behandelte die technischen, \u00f6kologischen und \u00e4sthetischen Grundlagen begr\u00fcnteter Fassaden sowie deren Rolle bei der Wiederherstellung der Biodiversit\u00e4t im urbanen Raum.<\/p>\n<p>Begr\u00fcnte Fassaden sind nicht nur dekorative Elemente: Sie tragen zur Verbesserung des Mikroklimas, zum Regenwassermanagement und zur Luftqualit\u00e4t bei und schaffen gleichzeitig Mikrohabitaten f\u00fcr Insekten und V\u00f6gel. Anhand konkreter Beispiele, Erfahrungsberichte und des Austauschs mit den Teilnehmenden konnten wir die Erfolgsbedingungen dieser Anlagen sowohl technisch als auch \u00f6kologisch erkunden.<\/p>\n<p><strong>Weitere Details zur Schulung finden Sie hier:<\/strong> <a href=\"https:\/\/www.ifsb.lu\/vegetalisation-du-batiment\" target=\"_blank\" rel=\"noopener\">Geb\u00e4udebegr\u00fcnung\u00a0\u2013 IFSB<\/a><\/p>\n<p>Bei Sound Ecology sind wir \u00fcberzeugt, dass die Integration lebender Systeme in gebaute Strukturen der Schl\u00fcssel zur Vers\u00f6hnung von Raumplanung und Biodiversit\u00e4tserhalt ist. Diese Austauschmomente mit Akteuren aus der Baubranche sind unerl\u00e4sslich, um Praktiken weiterzuentwickeln und die Stadt als \u00d6kosystem neu zu denken.<\/p>\n<p>        [\/vc_column_text]<br \/>\n      [\/vc_column_inner]<br \/>\n      [vc_column_inner width=&#8220;1\/3&#8243;]<br \/>\n        [vc_single_image media=&#8220;145525&#8243; media_width_percent=&#8220;100&#8243; uncode_shortcode_id=&#8220;139573&#8243;]<br \/>\n      [\/vc_column_inner]<br \/>\n    [\/vc_row_inner]<br \/>\n  [\/vc_column]<br \/>\n[\/vc_row]<\/p>\n<\/div>","protected":false},"excerpt":{"rendered":"<p>Am 7. April sprach Sound Ecology an der IFSB bei einer Schulung zum Thema Geb\u00e4udebegr\u00fcnung.<\/p>\n","protected":false},"author":1,"featured_media":146250,"comment_status":"closed","ping_status":"closed","sticky":false,"template":"","format":"standard","meta":{"footnotes":""},"categories":[74],"tags":[],"class_list":["post-147035","post","type-post","status-publish","format-standard","has-post-thumbnail","hentry","category-nicht-kategorisiert"],"yoast_head":"<!-- This site is optimized with the Yoast SEO plugin v26.0 - https:\/\/yoast.com\/wordpress\/plugins\/seo\/ -->\n<title>Fortbildung am IFSB: Mit Pflanzenw\u00e4nden Biodiversit\u00e4t ins Geb\u00e4ude integrieren. - Sound Ecology<\/title>\n<meta name=\"description\" content=\"Experts en biodiversit\u00e9 : \u00e9tudes \u00e9cologiques, conseils en am\u00e9nagement et actions de sensibilisation \u00e0 la nature.\" \/>\n<meta name=\"robots\" content=\"index, follow, max-snippet:-1, max-image-preview:large, max-video-preview:-1\" \/>\n<link rel=\"canonical\" href=\"https:\/\/www.sound-ecology.com\/de\/fortbildung-am-ifsb-mit-pflanzenwaenden-biodiversitaet-ins-gebaeude-integrieren\/\" \/>\n<meta property=\"og:locale\" content=\"de_DE\" \/>\n<meta property=\"og:type\" content=\"article\" \/>\n<meta property=\"og:title\" content=\"Fortbildung am IFSB: Mit Pflanzenw\u00e4nden Biodiversit\u00e4t ins Geb\u00e4ude integrieren. - Sound Ecology\" \/>\n<meta property=\"og:description\" content=\"Experts en biodiversit\u00e9 : \u00e9tudes \u00e9cologiques, conseils en am\u00e9nagement et actions de sensibilisation \u00e0 la nature.\" \/>\n<meta property=\"og:url\" content=\"https:\/\/www.sound-ecology.com\/de\/fortbildung-am-ifsb-mit-pflanzenwaenden-biodiversitaet-ins-gebaeude-integrieren\/\" \/>\n<meta property=\"og:site_name\" content=\"Sound Ecology\" \/>\n<meta property=\"article:published_time\" content=\"2025-04-15T16:50:23+00:00\" \/>\n<meta property=\"article:modified_time\" content=\"2025-04-19T13:20:24+00:00\" \/>\n<meta property=\"og:image\" content=\"https:\/\/www.sound-ecology.com\/wp-content\/uploads\/2025\/04\/sound-ecology-formation.jpg\" \/>\n\t<meta property=\"og:image:width\" content=\"1920\" \/>\n\t<meta property=\"og:image:height\" content=\"1080\" \/>\n\t<meta property=\"og:image:type\" content=\"image\/jpeg\" \/>\n<meta name=\"author\" content=\"ans09-SouECO333\" \/>\n<meta name=\"twitter:card\" content=\"summary_large_image\" \/>\n<meta name=\"twitter:label1\" content=\"Verfasst von\" \/>\n\t<meta name=\"twitter:data1\" content=\"ans09-SouECO333\" \/>\n\t<meta name=\"twitter:label2\" content=\"Gesch\u00e4tzte Lesezeit\" \/>\n\t<meta name=\"twitter:data2\" content=\"1\u00a0Minute\" \/>\n<script type=\"application\/ld+json\" class=\"yoast-schema-graph\">{\"@context\":\"https:\/\/schema.org\",\"@graph\":[{\"@type\":\"Article\",\"@id\":\"https:\/\/www.sound-ecology.com\/de\/fortbildung-am-ifsb-mit-pflanzenwaenden-biodiversitaet-ins-gebaeude-integrieren\/#article\",\"isPartOf\":{\"@id\":\"https:\/\/www.sound-ecology.com\/de\/fortbildung-am-ifsb-mit-pflanzenwaenden-biodiversitaet-ins-gebaeude-integrieren\/\"},\"author\":{\"name\":\"ans09-SouECO333\",\"@id\":\"https:\/\/www.sound-ecology.com\/de\/#\/schema\/person\/a2fedb997a8c6ad96b27cf5788015d1a\"},\"headline\":\"Fortbildung am IFSB: Mit Pflanzenw\u00e4nden Biodiversit\u00e4t ins Geb\u00e4ude integrieren.\",\"datePublished\":\"2025-04-15T16:50:23+00:00\",\"dateModified\":\"2025-04-19T13:20:24+00:00\",\"mainEntityOfPage\":{\"@id\":\"https:\/\/www.sound-ecology.com\/de\/fortbildung-am-ifsb-mit-pflanzenwaenden-biodiversitaet-ins-gebaeude-integrieren\/\"},\"wordCount\":525,\"publisher\":{\"@id\":\"https:\/\/www.sound-ecology.com\/de\/#organization\"},\"image\":{\"@id\":\"https:\/\/www.sound-ecology.com\/de\/fortbildung-am-ifsb-mit-pflanzenwaenden-biodiversitaet-ins-gebaeude-integrieren\/#primaryimage\"},\"thumbnailUrl\":\"https:\/\/www.sound-ecology.com\/wp-content\/uploads\/2025\/04\/sound-ecology-formation.jpg\",\"articleSection\":[\"Nicht kategorisiert\"],\"inLanguage\":\"de\"},{\"@type\":\"WebPage\",\"@id\":\"https:\/\/www.sound-ecology.com\/de\/fortbildung-am-ifsb-mit-pflanzenwaenden-biodiversitaet-ins-gebaeude-integrieren\/\",\"url\":\"https:\/\/www.sound-ecology.com\/de\/fortbildung-am-ifsb-mit-pflanzenwaenden-biodiversitaet-ins-gebaeude-integrieren\/\",\"name\":\"Fortbildung am IFSB: Mit Pflanzenw\u00e4nden Biodiversit\u00e4t ins Geb\u00e4ude integrieren. - Sound Ecology\",\"isPartOf\":{\"@id\":\"https:\/\/www.sound-ecology.com\/de\/#website\"},\"primaryImageOfPage\":{\"@id\":\"https:\/\/www.sound-ecology.com\/de\/fortbildung-am-ifsb-mit-pflanzenwaenden-biodiversitaet-ins-gebaeude-integrieren\/#primaryimage\"},\"image\":{\"@id\":\"https:\/\/www.sound-ecology.com\/de\/fortbildung-am-ifsb-mit-pflanzenwaenden-biodiversitaet-ins-gebaeude-integrieren\/#primaryimage\"},\"thumbnailUrl\":\"https:\/\/www.sound-ecology.com\/wp-content\/uploads\/2025\/04\/sound-ecology-formation.jpg\",\"datePublished\":\"2025-04-15T16:50:23+00:00\",\"dateModified\":\"2025-04-19T13:20:24+00:00\",\"description\":\"Experts en biodiversit\u00e9 : \u00e9tudes \u00e9cologiques, conseils en am\u00e9nagement et actions de sensibilisation \u00e0 la nature.\",\"breadcrumb\":{\"@id\":\"https:\/\/www.sound-ecology.com\/de\/fortbildung-am-ifsb-mit-pflanzenwaenden-biodiversitaet-ins-gebaeude-integrieren\/#breadcrumb\"},\"inLanguage\":\"de\",\"potentialAction\":[{\"@type\":\"ReadAction\",\"target\":[\"https:\/\/www.sound-ecology.com\/de\/fortbildung-am-ifsb-mit-pflanzenwaenden-biodiversitaet-ins-gebaeude-integrieren\/\"]}]},{\"@type\":\"ImageObject\",\"inLanguage\":\"de\",\"@id\":\"https:\/\/www.sound-ecology.com\/de\/fortbildung-am-ifsb-mit-pflanzenwaenden-biodiversitaet-ins-gebaeude-integrieren\/#primaryimage\",\"url\":\"https:\/\/www.sound-ecology.com\/wp-content\/uploads\/2025\/04\/sound-ecology-formation.jpg\",\"contentUrl\":\"https:\/\/www.sound-ecology.com\/wp-content\/uploads\/2025\/04\/sound-ecology-formation.jpg\",\"width\":1920,\"height\":1080},{\"@type\":\"BreadcrumbList\",\"@id\":\"https:\/\/www.sound-ecology.com\/de\/fortbildung-am-ifsb-mit-pflanzenwaenden-biodiversitaet-ins-gebaeude-integrieren\/#breadcrumb\",\"itemListElement\":[{\"@type\":\"ListItem\",\"position\":1,\"name\":\"Accueil\",\"item\":\"https:\/\/www.sound-ecology.com\/de\/\"},{\"@type\":\"ListItem\",\"position\":2,\"name\":\"Fortbildung am IFSB: Mit Pflanzenw\u00e4nden Biodiversit\u00e4t ins Geb\u00e4ude integrieren.\"}]},{\"@type\":\"WebSite\",\"@id\":\"https:\/\/www.sound-ecology.com\/de\/#website\",\"url\":\"https:\/\/www.sound-ecology.com\/de\/\",\"name\":\"Sound Ecology\",\"description\":\"Biodiversit\u00e9 &amp; V\u00e9g\u00e9talisation durable\",\"publisher\":{\"@id\":\"https:\/\/www.sound-ecology.com\/de\/#organization\"},\"potentialAction\":[{\"@type\":\"SearchAction\",\"target\":{\"@type\":\"EntryPoint\",\"urlTemplate\":\"https:\/\/www.sound-ecology.com\/de\/?s={search_term_string}\"},\"query-input\":{\"@type\":\"PropertyValueSpecification\",\"valueRequired\":true,\"valueName\":\"search_term_string\"}}],\"inLanguage\":\"de\"},{\"@type\":\"Organization\",\"@id\":\"https:\/\/www.sound-ecology.com\/de\/#organization\",\"name\":\"Sound Ecology\",\"url\":\"https:\/\/www.sound-ecology.com\/de\/\",\"logo\":{\"@type\":\"ImageObject\",\"inLanguage\":\"de\",\"@id\":\"https:\/\/www.sound-ecology.com\/de\/#\/schema\/logo\/image\/\",\"url\":\"https:\/\/www.sound-ecology.com\/wp-content\/uploads\/2025\/02\/soundecology-logo-dark-1.svg\",\"contentUrl\":\"https:\/\/www.sound-ecology.com\/wp-content\/uploads\/2025\/02\/soundecology-logo-dark-1.svg\",\"width\":\"250\",\"height\":\"93\",\"caption\":\"Sound Ecology\"},\"image\":{\"@id\":\"https:\/\/www.sound-ecology.com\/de\/#\/schema\/logo\/image\/\"},\"sameAs\":[\"https:\/\/www.linkedin.com\/company\/soundecology\"]},{\"@type\":\"Person\",\"@id\":\"https:\/\/www.sound-ecology.com\/de\/#\/schema\/person\/a2fedb997a8c6ad96b27cf5788015d1a\",\"name\":\"ans09-SouECO333\",\"image\":{\"@type\":\"ImageObject\",\"inLanguage\":\"de\",\"@id\":\"https:\/\/www.sound-ecology.com\/de\/#\/schema\/person\/image\/\",\"url\":\"https:\/\/secure.gravatar.com\/avatar\/69f6ac1402698044395f0a79060eafe7012810239ac2f3a93cf981f7cf8fe6fe?s=96&d=mm&r=g\",\"contentUrl\":\"https:\/\/secure.gravatar.com\/avatar\/69f6ac1402698044395f0a79060eafe7012810239ac2f3a93cf981f7cf8fe6fe?s=96&d=mm&r=g\",\"caption\":\"ans09-SouECO333\"},\"sameAs\":[\"https:\/\/www.sound-ecology.com\"],\"url\":\"https:\/\/www.sound-ecology.com\/de\/author\/ans09-soueco333\/\"}]}<\/script>\n<!-- \/ Yoast SEO plugin. -->","yoast_head_json":{"title":"Fortbildung am IFSB: Mit Pflanzenw\u00e4nden Biodiversit\u00e4t ins Geb\u00e4ude integrieren. - Sound Ecology","description":"Experts en biodiversit\u00e9 : \u00e9tudes \u00e9cologiques, conseils en am\u00e9nagement et actions de sensibilisation \u00e0 la nature.","robots":{"index":"index","follow":"follow","max-snippet":"max-snippet:-1","max-image-preview":"max-image-preview:large","max-video-preview":"max-video-preview:-1"},"canonical":"https:\/\/www.sound-ecology.com\/de\/fortbildung-am-ifsb-mit-pflanzenwaenden-biodiversitaet-ins-gebaeude-integrieren\/","og_locale":"de_DE","og_type":"article","og_title":"Fortbildung am IFSB: Mit Pflanzenw\u00e4nden Biodiversit\u00e4t ins Geb\u00e4ude integrieren. - Sound Ecology","og_description":"Experts en biodiversit\u00e9 : \u00e9tudes \u00e9cologiques, conseils en am\u00e9nagement et actions de sensibilisation \u00e0 la nature.","og_url":"https:\/\/www.sound-ecology.com\/de\/fortbildung-am-ifsb-mit-pflanzenwaenden-biodiversitaet-ins-gebaeude-integrieren\/","og_site_name":"Sound Ecology","article_published_time":"2025-04-15T16:50:23+00:00","article_modified_time":"2025-04-19T13:20:24+00:00","og_image":[{"width":1920,"height":1080,"url":"https:\/\/www.sound-ecology.com\/wp-content\/uploads\/2025\/04\/sound-ecology-formation.jpg","type":"image\/jpeg"}],"author":"ans09-SouECO333","twitter_card":"summary_large_image","twitter_misc":{"Verfasst von":"ans09-SouECO333","Gesch\u00e4tzte Lesezeit":"1\u00a0Minute"},"schema":{"@context":"https:\/\/schema.org","@graph":[{"@type":"Article","@id":"https:\/\/www.sound-ecology.com\/de\/fortbildung-am-ifsb-mit-pflanzenwaenden-biodiversitaet-ins-gebaeude-integrieren\/#article","isPartOf":{"@id":"https:\/\/www.sound-ecology.com\/de\/fortbildung-am-ifsb-mit-pflanzenwaenden-biodiversitaet-ins-gebaeude-integrieren\/"},"author":{"name":"ans09-SouECO333","@id":"https:\/\/www.sound-ecology.com\/de\/#\/schema\/person\/a2fedb997a8c6ad96b27cf5788015d1a"},"headline":"Fortbildung am IFSB: Mit Pflanzenw\u00e4nden Biodiversit\u00e4t ins Geb\u00e4ude integrieren.","datePublished":"2025-04-15T16:50:23+00:00","dateModified":"2025-04-19T13:20:24+00:00","mainEntityOfPage":{"@id":"https:\/\/www.sound-ecology.com\/de\/fortbildung-am-ifsb-mit-pflanzenwaenden-biodiversitaet-ins-gebaeude-integrieren\/"},"wordCount":525,"publisher":{"@id":"https:\/\/www.sound-ecology.com\/de\/#organization"},"image":{"@id":"https:\/\/www.sound-ecology.com\/de\/fortbildung-am-ifsb-mit-pflanzenwaenden-biodiversitaet-ins-gebaeude-integrieren\/#primaryimage"},"thumbnailUrl":"https:\/\/www.sound-ecology.com\/wp-content\/uploads\/2025\/04\/sound-ecology-formation.jpg","articleSection":["Nicht kategorisiert"],"inLanguage":"de"},{"@type":"WebPage","@id":"https:\/\/www.sound-ecology.com\/de\/fortbildung-am-ifsb-mit-pflanzenwaenden-biodiversitaet-ins-gebaeude-integrieren\/","url":"https:\/\/www.sound-ecology.com\/de\/fortbildung-am-ifsb-mit-pflanzenwaenden-biodiversitaet-ins-gebaeude-integrieren\/","name":"Fortbildung am IFSB: Mit Pflanzenw\u00e4nden Biodiversit\u00e4t ins Geb\u00e4ude integrieren. - Sound Ecology","isPartOf":{"@id":"https:\/\/www.sound-ecology.com\/de\/#website"},"primaryImageOfPage":{"@id":"https:\/\/www.sound-ecology.com\/de\/fortbildung-am-ifsb-mit-pflanzenwaenden-biodiversitaet-ins-gebaeude-integrieren\/#primaryimage"},"image":{"@id":"https:\/\/www.sound-ecology.com\/de\/fortbildung-am-ifsb-mit-pflanzenwaenden-biodiversitaet-ins-gebaeude-integrieren\/#primaryimage"},"thumbnailUrl":"https:\/\/www.sound-ecology.com\/wp-content\/uploads\/2025\/04\/sound-ecology-formation.jpg","datePublished":"2025-04-15T16:50:23+00:00","dateModified":"2025-04-19T13:20:24+00:00","description":"Experts en biodiversit\u00e9 : \u00e9tudes \u00e9cologiques, conseils en am\u00e9nagement et actions de sensibilisation \u00e0 la nature.","breadcrumb":{"@id":"https:\/\/www.sound-ecology.com\/de\/fortbildung-am-ifsb-mit-pflanzenwaenden-biodiversitaet-ins-gebaeude-integrieren\/#breadcrumb"},"inLanguage":"de","potentialAction":[{"@type":"ReadAction","target":["https:\/\/www.sound-ecology.com\/de\/fortbildung-am-ifsb-mit-pflanzenwaenden-biodiversitaet-ins-gebaeude-integrieren\/"]}]},{"@type":"ImageObject","inLanguage":"de","@id":"https:\/\/www.sound-ecology.com\/de\/fortbildung-am-ifsb-mit-pflanzenwaenden-biodiversitaet-ins-gebaeude-integrieren\/#primaryimage","url":"https:\/\/www.sound-ecology.com\/wp-content\/uploads\/2025\/04\/sound-ecology-formation.jpg","contentUrl":"https:\/\/www.sound-ecology.com\/wp-content\/uploads\/2025\/04\/sound-ecology-formation.jpg","width":1920,"height":1080},{"@type":"BreadcrumbList","@id":"https:\/\/www.sound-ecology.com\/de\/fortbildung-am-ifsb-mit-pflanzenwaenden-biodiversitaet-ins-gebaeude-integrieren\/#breadcrumb","itemListElement":[{"@type":"ListItem","position":1,"name":"Accueil","item":"https:\/\/www.sound-ecology.com\/de\/"},{"@type":"ListItem","position":2,"name":"Fortbildung am IFSB: Mit Pflanzenw\u00e4nden Biodiversit\u00e4t ins Geb\u00e4ude integrieren."}]},{"@type":"WebSite","@id":"https:\/\/www.sound-ecology.com\/de\/#website","url":"https:\/\/www.sound-ecology.com\/de\/","name":"Sound Ecology","description":"Biodiversit\u00e9 &amp; V\u00e9g\u00e9talisation durable","publisher":{"@id":"https:\/\/www.sound-ecology.com\/de\/#organization"},"potentialAction":[{"@type":"SearchAction","target":{"@type":"EntryPoint","urlTemplate":"https:\/\/www.sound-ecology.com\/de\/?s={search_term_string}"},"query-input":{"@type":"PropertyValueSpecification","valueRequired":true,"valueName":"search_term_string"}}],"inLanguage":"de"},{"@type":"Organization","@id":"https:\/\/www.sound-ecology.com\/de\/#organization","name":"Sound Ecology","url":"https:\/\/www.sound-ecology.com\/de\/","logo":{"@type":"ImageObject","inLanguage":"de","@id":"https:\/\/www.sound-ecology.com\/de\/#\/schema\/logo\/image\/","url":"https:\/\/www.sound-ecology.com\/wp-content\/uploads\/2025\/02\/soundecology-logo-dark-1.svg","contentUrl":"https:\/\/www.sound-ecology.com\/wp-content\/uploads\/2025\/02\/soundecology-logo-dark-1.svg","width":"250","height":"93","caption":"Sound Ecology"},"image":{"@id":"https:\/\/www.sound-ecology.com\/de\/#\/schema\/logo\/image\/"},"sameAs":["https:\/\/www.linkedin.com\/company\/soundecology"]},{"@type":"Person","@id":"https:\/\/www.sound-ecology.com\/de\/#\/schema\/person\/a2fedb997a8c6ad96b27cf5788015d1a","name":"ans09-SouECO333","image":{"@type":"ImageObject","inLanguage":"de","@id":"https:\/\/www.sound-ecology.com\/de\/#\/schema\/person\/image\/","url":"https:\/\/secure.gravatar.com\/avatar\/69f6ac1402698044395f0a79060eafe7012810239ac2f3a93cf981f7cf8fe6fe?s=96&d=mm&r=g","contentUrl":"https:\/\/secure.gravatar.com\/avatar\/69f6ac1402698044395f0a79060eafe7012810239ac2f3a93cf981f7cf8fe6fe?s=96&d=mm&r=g","caption":"ans09-SouECO333"},"sameAs":["https:\/\/www.sound-ecology.com"],"url":"https:\/\/www.sound-ecology.com\/de\/author\/ans09-soueco333\/"}]}},"_links":{"self":[{"href":"https:\/\/www.sound-ecology.com\/de\/wp-json\/wp\/v2\/posts\/147035","targetHints":{"allow":["GET"]}}],"collection":[{"href":"https:\/\/www.sound-ecology.com\/de\/wp-json\/wp\/v2\/posts"}],"about":[{"href":"https:\/\/www.sound-ecology.com\/de\/wp-json\/wp\/v2\/types\/post"}],"author":[{"embeddable":true,"href":"https:\/\/www.sound-ecology.com\/de\/wp-json\/wp\/v2\/users\/1"}],"replies":[{"embeddable":true,"href":"https:\/\/www.sound-ecology.com\/de\/wp-json\/wp\/v2\/comments?post=147035"}],"version-history":[{"count":3,"href":"https:\/\/www.sound-ecology.com\/de\/wp-json\/wp\/v2\/posts\/147035\/revisions"}],"predecessor-version":[{"id":147038,"href":"https:\/\/www.sound-ecology.com\/de\/wp-json\/wp\/v2\/posts\/147035\/revisions\/147038"}],"wp:featuredmedia":[{"embeddable":true,"href":"https:\/\/www.sound-ecology.com\/de\/wp-json\/wp\/v2\/media\/146250"}],"wp:attachment":[{"href":"https:\/\/www.sound-ecology.com\/de\/wp-json\/wp\/v2\/media?parent=147035"}],"wp:term":[{"taxonomy":"category","embeddable":true,"href":"https:\/\/www.sound-ecology.com\/de\/wp-json\/wp\/v2\/categories?post=147035"},{"taxonomy":"post_tag","embeddable":true,"href":"https:\/\/www.sound-ecology.com\/de\/wp-json\/wp\/v2\/tags?post=147035"}],"curies":[{"name":"wp","href":"https:\/\/api.w.org\/{rel}","templated":true}]}}