{"id":147022,"date":"2025-04-15T19:33:13","date_gmt":"2025-04-15T17:33:13","guid":{"rendered":"https:\/\/www.sound-ecology.com\/?p=147022"},"modified":"2025-09-15T16:00:46","modified_gmt":"2025-09-15T14:00:46","slug":"gefuehrte-touren-zur-urbanen-biodiversitaet-in-zusammenarbeit-mit-luga-luxembourg-urban-garden-art","status":"publish","type":"post","link":"https:\/\/www.sound-ecology.com\/de\/gefuehrte-touren-zur-urbanen-biodiversitaet-in-zusammenarbeit-mit-luga-luxembourg-urban-garden-art\/","title":{"rendered":"Gef\u00fchrte Touren zur urbanen Biodiversit\u00e4t in Zusammenarbeit mit LUGA &#8211; Luxembourg Urban Garden Art"},"content":{"rendered":"<div class=\"wpb-content-wrapper\"><p>[vc_row row_height_percent=&#8220;0&#8243; override_padding=&#8220;yes&#8220; h_padding=&#8220;2&#8243; top_padding=&#8220;5&#8243; bottom_padding=&#8220;5&#8243; back_color=&#8220;color-611883&#8243; overlay_alpha=&#8220;50&#8243; equal_height=&#8220;yes&#8220; gutter_size=&#8220;4&#8243; column_width_percent=&#8220;100&#8243; shift_y=&#8220;0&#8243; z_index=&#8220;0&#8243; content_parallax=&#8220;0&#8243; uncode_shortcode_id=&#8220;726719&#8243; back_color_type=&#8220;uncode-palette&#8220;][vc_column column_width_use_pixel=&#8220;yes&#8220; position_vertical=&#8220;middle&#8220; align_horizontal=&#8220;align_center&#8220; gutter_size=&#8220;3&#8243; overlay_alpha=&#8220;50&#8243; shift_x=&#8220;0&#8243; shift_y=&#8220;0&#8243; shift_y_down=&#8220;0&#8243; z_index=&#8220;0&#8243; medium_width=&#8220;0&#8243; mobile_width=&#8220;0&#8243; width=&#8220;1\/1&#8243; column_width_pixel=&#8220;1200&#8243; uncode_shortcode_id=&#8220;130738&#8243;][vc_row_inner][vc_column_inner column_width_percent=&#8220;100&#8243; align_horizontal=&#8220;align_right&#8220; gutter_size=&#8220;1&#8243; overlay_alpha=&#8220;50&#8243; shift_x=&#8220;0&#8243; shift_y=&#8220;0&#8243; shift_y_down=&#8220;0&#8243; z_index=&#8220;0&#8243; medium_width=&#8220;0&#8243; mobile_width=&#8220;0&#8243; width=&#8220;1\/1&#8243; uncode_shortcode_id=&#8220;456110&#8243;][vc_single_image dynamic=&#8220;yes&#8220; media_width_percent=&#8220;100&#8243; media_ratio=&#8220;sixteen-nine&#8220; alignment=&#8220;center&#8220; uncode_shortcode_id=&#8220;121643&#8243;][\/vc_column_inner][\/vc_row_inner][vc_custom_heading auto_text=&#8220;yes&#8220; heading_semantic=&#8220;h3&#8243; text_size=&#8220;fontsize-207835&#8243; uncode_shortcode_id=&#8220;204499&#8243;][\/vc_custom_heading][vc_column_text auto_text=&#8220;excerpt&#8220; text_lead=&#8220;yes&#8220; uncode_shortcode_id=&#8220;896734&#8243;][\/vc_column_text][\/vc_column][\/vc_row][vc_row row_height_percent=&#8220;0&#8243; override_padding=&#8220;yes&#8220; h_padding=&#8220;2&#8243; top_padding=&#8220;5&#8243; bottom_padding=&#8220;2&#8243; overlay_alpha=&#8220;50&#8243; equal_height=&#8220;yes&#8220; gutter_size=&#8220;4&#8243; column_width_percent=&#8220;100&#8243; shift_y=&#8220;0&#8243; z_index=&#8220;0&#8243; content_parallax=&#8220;0&#8243; uncode_shortcode_id=&#8220;953111&#8243;][vc_column column_width_use_pixel=&#8220;yes&#8220; position_vertical=&#8220;middle&#8220; align_horizontal=&#8220;align_center&#8220; gutter_size=&#8220;3&#8243; overlay_alpha=&#8220;50&#8243; shift_x=&#8220;0&#8243; shift_y=&#8220;0&#8243; shift_y_down=&#8220;0&#8243; z_index=&#8220;0&#8243; medium_width=&#8220;0&#8243; mobile_width=&#8220;0&#8243; width=&#8220;1\/1&#8243; column_width_pixel=&#8220;1200&#8243; uncode_shortcode_id=&#8220;105128&#8243;][vc_row_inner][vc_column_inner column_width_percent=&#8220;100&#8243; gutter_size=&#8220;1&#8243; overlay_alpha=&#8220;50&#8243; shift_x=&#8220;0&#8243; shift_y=&#8220;0&#8243; shift_y_down=&#8220;0&#8243; z_index=&#8220;0&#8243; medium_width=&#8220;0&#8243; mobile_width=&#8220;0&#8243; width=&#8220;2\/3&#8243; uncode_shortcode_id=&#8220;117650&#8243;][vc_column_text text_lead=&#8220;yes&#8220; uncode_shortcode_id=&#8220;344819&#8243;]Sound Ecology freut sich, seine Teilnahme an der LUGA\u00a0\u2013 Luxembourg Urban Garden Art\u00a02025 anzuk\u00fcndigen, einer bedeutenden Veranstaltung rund um die urbane Natur, die vom\u00a07.\u00a0Mai bis zum\u00a025.\u00a0Oktober\u00a02025 in Luxemburg stattfindet.<\/p>\n<p>Diese Open-Air-Ausstellung vereint Stadtg\u00e4rten, Landschaftsinstallationen, Landwirtschaftsprojekte und Lebensr\u00e4ume an verschiedenen Orten der Hauptstadt. Die Veranstaltung stellt kreative und nachhaltige Initiativen in den Mittelpunkt, um die Stadt als lebendigen, fruchtbaren und widerstandsf\u00e4higen Raum neu zu denken.<\/p>\n<p>Im Rahmen der LUGA bietet Sound Ecology thematische F\u00fchrungen zu zwei Schwerpunkten an:<br \/>\n&#8211; Wildpflanzen im urbanen Raum<br \/>\n<strong><a href=\"https:\/\/luga.lu\/fr\/experience\/plantes-sauvages-de-notre-ville-wild-urban-plants\/?occurrence=2\">&gt; Anmeldung f\u00fcr die F\u00fchrung<\/a><\/strong><br \/>\n&#8211; Bemerkenswerte B\u00e4ume der Stadt Luxemburg<br \/>\n<strong><a href=\"https:\/\/luga.lu\/fr\/experience\/arbres-remarquables\/?occurrence=1\">&gt; Anmeldung f\u00fcr die F\u00fchrung<\/a><\/strong><\/p>\n<p>Diese Touren erm\u00f6glichen es, die oft unentdeckte Vielfalt der st\u00e4dtischen Biodiversit\u00e4t zu erkunden, die Arten zu identifizieren, die t\u00e4glich mit uns zusammenleben, und ihre \u00f6kologischen Funktionen besser zu verstehen. Durch die Verbindung der Teilnehmer mit der urbanen Natur sollen das \u00f6kologische Bewusstsein gest\u00e4rkt und umweltfreundliche Praktiken gef\u00f6rdert werden \u2013 selbst in stark anthropisierten Umgebungen.<\/p>\n<p>Die LUGA\u00a02025 wird f\u00fcr uns ein besonderer Anlass des Teilens, Beobachtens und der Sensibilisierung sein \u2013 an der Schnittstelle von Wissenschaft, Kunst und \u00f6kologischem Engagement.[\/vc_column_text][\/vc_column_inner][vc_column_inner width=&#8220;1\/3&#8243;][vc_single_image media=&#8220;146916&#8243; media_width_percent=&#8220;100&#8243; uncode_shortcode_id=&#8220;104202&#8243;][\/vc_column_inner][\/vc_row_inner][\/vc_column][\/vc_row][vc_row unlock_row_content=&#8220;yes&#8220; row_height_percent=&#8220;0&#8243; override_padding=&#8220;yes&#8220; h_padding=&#8220;2&#8243; top_padding=&#8220;2&#8243; bottom_padding=&#8220;5&#8243; overlay_alpha=&#8220;50&#8243; gutter_size=&#8220;3&#8243; column_width_percent=&#8220;100&#8243; shift_y=&#8220;0&#8243; z_index=&#8220;0&#8243; content_parallax=&#8220;0&#8243; uncode_shortcode_id=&#8220;796122&#8243;][vc_column column_width_percent=&#8220;100&#8243; position_vertical=&#8220;middle&#8220; gutter_size=&#8220;4&#8243; overlay_alpha=&#8220;50&#8243; shift_x=&#8220;0&#8243; shift_y=&#8220;0&#8243; shift_y_down=&#8220;0&#8243; z_index=&#8220;0&#8243; medium_width=&#8220;0&#8243; mobile_width=&#8220;0&#8243; width=&#8220;1\/1&#8243;][vc_row_inner row_inner_height_percent=&#8220;0&#8243; overlay_alpha=&#8220;50&#8243; gutter_size=&#8220;4&#8243; shift_y=&#8220;0&#8243; z_index=&#8220;0&#8243;][vc_column_inner column_width_percent=&#8220;100&#8243; gutter_size=&#8220;3&#8243; overlay_alpha=&#8220;50&#8243; shift_x=&#8220;0&#8243; shift_y=&#8220;0&#8243; shift_y_down=&#8220;0&#8243; z_index=&#8220;0&#8243; medium_width=&#8220;0&#8243; mobile_width=&#8220;0&#8243; width=&#8220;1\/1&#8243;][vc_gallery el_id=&#8220;gallery-115572&#8243; type=&#8220;css_grid&#8220; medias=&#8220;147222,147223,147224,147225,147226,147227,147228,147229&#8243; screen_lg_items=&#8220;3&#8243; screen_lg_breakpoint=&#8220;1000&#8243; screen_md_items=&#8220;2&#8243; screen_md_breakpoint=&#8220;600&#8243; screen_sm_items=&#8220;1&#8243; screen_sm_breakpoint=&#8220;480&#8243; gutter_size=&#8220;3&#8243; media_items=&#8220;media|lightbox|original&#8220; single_overlay_opacity=&#8220;20&#8243; single_image_anim=&#8220;no&#8220; single_h_align=&#8220;center&#8220; single_padding=&#8220;2&#8243; single_icon=&#8220;fa fa-plus2&#8243; single_border=&#8220;yes&#8220; single_css_animation=&#8220;zoom-in&#8220; single_animation_delay=&#8220;200&#8243; custom_cursor=&#8220;accent&#8220; uncode_shortcode_id=&#8220;181013&#8243;][\/vc_column_inner][\/vc_row_inner][\/vc_column][\/vc_row]<\/p>\n<\/div>","protected":false},"excerpt":{"rendered":"<p>Vom 7. Mai bis zum 25. Oktober 2025 nehmen wir an der LUGA &#8211; Luxembourg Urban Garden Art teil.<\/p>\n","protected":false},"author":1,"featured_media":146914,"comment_status":"closed","ping_status":"closed","sticky":false,"template":"","format":"standard","meta":{"footnotes":""},"categories":[74],"tags":[],"class_list":["post-147022","post","type-post","status-publish","format-standard","has-post-thumbnail","hentry","category-nicht-kategorisiert"],"yoast_head":"<!-- This site is optimized with the Yoast SEO plugin v26.0 - https:\/\/yoast.com\/wordpress\/plugins\/seo\/ -->\n<title>Gef\u00fchrte Touren zur urbanen Biodiversit\u00e4t in Zusammenarbeit mit LUGA - Luxembourg Urban Garden Art - Sound Ecology<\/title>\n<meta name=\"description\" content=\"Experts en biodiversit\u00e9 : \u00e9tudes \u00e9cologiques, conseils en am\u00e9nagement et actions de sensibilisation \u00e0 la nature.\" \/>\n<meta name=\"robots\" content=\"index, follow, max-snippet:-1, max-image-preview:large, max-video-preview:-1\" \/>\n<link rel=\"canonical\" href=\"https:\/\/www.sound-ecology.com\/de\/gefuehrte-touren-zur-urbanen-biodiversitaet-in-zusammenarbeit-mit-luga-luxembourg-urban-garden-art\/\" \/>\n<meta property=\"og:locale\" content=\"de_DE\" \/>\n<meta property=\"og:type\" content=\"article\" \/>\n<meta property=\"og:title\" content=\"Gef\u00fchrte Touren zur urbanen Biodiversit\u00e4t in Zusammenarbeit mit LUGA - Luxembourg Urban Garden Art - Sound Ecology\" \/>\n<meta property=\"og:description\" content=\"Experts en biodiversit\u00e9 : \u00e9tudes \u00e9cologiques, conseils en am\u00e9nagement et actions de sensibilisation \u00e0 la nature.\" \/>\n<meta property=\"og:url\" content=\"https:\/\/www.sound-ecology.com\/de\/gefuehrte-touren-zur-urbanen-biodiversitaet-in-zusammenarbeit-mit-luga-luxembourg-urban-garden-art\/\" \/>\n<meta property=\"og:site_name\" content=\"Sound Ecology\" \/>\n<meta property=\"article:published_time\" content=\"2025-04-15T17:33:13+00:00\" \/>\n<meta property=\"article:modified_time\" content=\"2025-09-15T14:00:46+00:00\" \/>\n<meta property=\"og:image\" content=\"https:\/\/www.sound-ecology.com\/wp-content\/uploads\/2025\/04\/sound-ecology-visitesguidees.jpg\" \/>\n\t<meta property=\"og:image:width\" content=\"1920\" \/>\n\t<meta property=\"og:image:height\" content=\"1080\" \/>\n\t<meta property=\"og:image:type\" content=\"image\/jpeg\" \/>\n<meta name=\"author\" content=\"ans09-SouECO333\" \/>\n<meta name=\"twitter:card\" content=\"summary_large_image\" \/>\n<meta name=\"twitter:label1\" content=\"Verfasst von\" \/>\n\t<meta name=\"twitter:data1\" content=\"ans09-SouECO333\" \/>\n\t<meta name=\"twitter:label2\" content=\"Gesch\u00e4tzte Lesezeit\" \/>\n\t<meta name=\"twitter:data2\" content=\"2\u00a0Minuten\" \/>\n<script type=\"application\/ld+json\" class=\"yoast-schema-graph\">{\"@context\":\"https:\/\/schema.org\",\"@graph\":[{\"@type\":\"Article\",\"@id\":\"https:\/\/www.sound-ecology.com\/de\/gefuehrte-touren-zur-urbanen-biodiversitaet-in-zusammenarbeit-mit-luga-luxembourg-urban-garden-art\/#article\",\"isPartOf\":{\"@id\":\"https:\/\/www.sound-ecology.com\/de\/gefuehrte-touren-zur-urbanen-biodiversitaet-in-zusammenarbeit-mit-luga-luxembourg-urban-garden-art\/\"},\"author\":{\"name\":\"ans09-SouECO333\",\"@id\":\"https:\/\/www.sound-ecology.com\/de\/#\/schema\/person\/a2fedb997a8c6ad96b27cf5788015d1a\"},\"headline\":\"Gef\u00fchrte Touren zur urbanen Biodiversit\u00e4t in Zusammenarbeit mit LUGA &#8211; Luxembourg Urban Garden Art\",\"datePublished\":\"2025-04-15T17:33:13+00:00\",\"dateModified\":\"2025-09-15T14:00:46+00:00\",\"mainEntityOfPage\":{\"@id\":\"https:\/\/www.sound-ecology.com\/de\/gefuehrte-touren-zur-urbanen-biodiversitaet-in-zusammenarbeit-mit-luga-luxembourg-urban-garden-art\/\"},\"wordCount\":697,\"publisher\":{\"@id\":\"https:\/\/www.sound-ecology.com\/de\/#organization\"},\"image\":{\"@id\":\"https:\/\/www.sound-ecology.com\/de\/gefuehrte-touren-zur-urbanen-biodiversitaet-in-zusammenarbeit-mit-luga-luxembourg-urban-garden-art\/#primaryimage\"},\"thumbnailUrl\":\"https:\/\/www.sound-ecology.com\/wp-content\/uploads\/2025\/04\/sound-ecology-visitesguidees.jpg\",\"articleSection\":[\"Nicht kategorisiert\"],\"inLanguage\":\"de\"},{\"@type\":\"WebPage\",\"@id\":\"https:\/\/www.sound-ecology.com\/de\/gefuehrte-touren-zur-urbanen-biodiversitaet-in-zusammenarbeit-mit-luga-luxembourg-urban-garden-art\/\",\"url\":\"https:\/\/www.sound-ecology.com\/de\/gefuehrte-touren-zur-urbanen-biodiversitaet-in-zusammenarbeit-mit-luga-luxembourg-urban-garden-art\/\",\"name\":\"Gef\u00fchrte Touren zur urbanen Biodiversit\u00e4t in Zusammenarbeit mit LUGA - Luxembourg Urban Garden Art - Sound Ecology\",\"isPartOf\":{\"@id\":\"https:\/\/www.sound-ecology.com\/de\/#website\"},\"primaryImageOfPage\":{\"@id\":\"https:\/\/www.sound-ecology.com\/de\/gefuehrte-touren-zur-urbanen-biodiversitaet-in-zusammenarbeit-mit-luga-luxembourg-urban-garden-art\/#primaryimage\"},\"image\":{\"@id\":\"https:\/\/www.sound-ecology.com\/de\/gefuehrte-touren-zur-urbanen-biodiversitaet-in-zusammenarbeit-mit-luga-luxembourg-urban-garden-art\/#primaryimage\"},\"thumbnailUrl\":\"https:\/\/www.sound-ecology.com\/wp-content\/uploads\/2025\/04\/sound-ecology-visitesguidees.jpg\",\"datePublished\":\"2025-04-15T17:33:13+00:00\",\"dateModified\":\"2025-09-15T14:00:46+00:00\",\"description\":\"Experts en biodiversit\u00e9 : \u00e9tudes \u00e9cologiques, conseils en am\u00e9nagement et actions de sensibilisation \u00e0 la nature.\",\"breadcrumb\":{\"@id\":\"https:\/\/www.sound-ecology.com\/de\/gefuehrte-touren-zur-urbanen-biodiversitaet-in-zusammenarbeit-mit-luga-luxembourg-urban-garden-art\/#breadcrumb\"},\"inLanguage\":\"de\",\"potentialAction\":[{\"@type\":\"ReadAction\",\"target\":[\"https:\/\/www.sound-ecology.com\/de\/gefuehrte-touren-zur-urbanen-biodiversitaet-in-zusammenarbeit-mit-luga-luxembourg-urban-garden-art\/\"]}]},{\"@type\":\"ImageObject\",\"inLanguage\":\"de\",\"@id\":\"https:\/\/www.sound-ecology.com\/de\/gefuehrte-touren-zur-urbanen-biodiversitaet-in-zusammenarbeit-mit-luga-luxembourg-urban-garden-art\/#primaryimage\",\"url\":\"https:\/\/www.sound-ecology.com\/wp-content\/uploads\/2025\/04\/sound-ecology-visitesguidees.jpg\",\"contentUrl\":\"https:\/\/www.sound-ecology.com\/wp-content\/uploads\/2025\/04\/sound-ecology-visitesguidees.jpg\",\"width\":1920,\"height\":1080},{\"@type\":\"BreadcrumbList\",\"@id\":\"https:\/\/www.sound-ecology.com\/de\/gefuehrte-touren-zur-urbanen-biodiversitaet-in-zusammenarbeit-mit-luga-luxembourg-urban-garden-art\/#breadcrumb\",\"itemListElement\":[{\"@type\":\"ListItem\",\"position\":1,\"name\":\"Accueil\",\"item\":\"https:\/\/www.sound-ecology.com\/de\/\"},{\"@type\":\"ListItem\",\"position\":2,\"name\":\"Gef\u00fchrte Touren zur urbanen Biodiversit\u00e4t in Zusammenarbeit mit LUGA &#8211; Luxembourg Urban Garden Art\"}]},{\"@type\":\"WebSite\",\"@id\":\"https:\/\/www.sound-ecology.com\/de\/#website\",\"url\":\"https:\/\/www.sound-ecology.com\/de\/\",\"name\":\"Sound Ecology\",\"description\":\"Biodiversit\u00e9 &amp; V\u00e9g\u00e9talisation durable\",\"publisher\":{\"@id\":\"https:\/\/www.sound-ecology.com\/de\/#organization\"},\"potentialAction\":[{\"@type\":\"SearchAction\",\"target\":{\"@type\":\"EntryPoint\",\"urlTemplate\":\"https:\/\/www.sound-ecology.com\/de\/?s={search_term_string}\"},\"query-input\":{\"@type\":\"PropertyValueSpecification\",\"valueRequired\":true,\"valueName\":\"search_term_string\"}}],\"inLanguage\":\"de\"},{\"@type\":\"Organization\",\"@id\":\"https:\/\/www.sound-ecology.com\/de\/#organization\",\"name\":\"Sound Ecology\",\"url\":\"https:\/\/www.sound-ecology.com\/de\/\",\"logo\":{\"@type\":\"ImageObject\",\"inLanguage\":\"de\",\"@id\":\"https:\/\/www.sound-ecology.com\/de\/#\/schema\/logo\/image\/\",\"url\":\"https:\/\/www.sound-ecology.com\/wp-content\/uploads\/2025\/02\/soundecology-logo-dark-1.svg\",\"contentUrl\":\"https:\/\/www.sound-ecology.com\/wp-content\/uploads\/2025\/02\/soundecology-logo-dark-1.svg\",\"width\":\"250\",\"height\":\"93\",\"caption\":\"Sound Ecology\"},\"image\":{\"@id\":\"https:\/\/www.sound-ecology.com\/de\/#\/schema\/logo\/image\/\"},\"sameAs\":[\"https:\/\/www.linkedin.com\/company\/soundecology\"]},{\"@type\":\"Person\",\"@id\":\"https:\/\/www.sound-ecology.com\/de\/#\/schema\/person\/a2fedb997a8c6ad96b27cf5788015d1a\",\"name\":\"ans09-SouECO333\",\"image\":{\"@type\":\"ImageObject\",\"inLanguage\":\"de\",\"@id\":\"https:\/\/www.sound-ecology.com\/de\/#\/schema\/person\/image\/\",\"url\":\"https:\/\/secure.gravatar.com\/avatar\/69f6ac1402698044395f0a79060eafe7012810239ac2f3a93cf981f7cf8fe6fe?s=96&d=mm&r=g\",\"contentUrl\":\"https:\/\/secure.gravatar.com\/avatar\/69f6ac1402698044395f0a79060eafe7012810239ac2f3a93cf981f7cf8fe6fe?s=96&d=mm&r=g\",\"caption\":\"ans09-SouECO333\"},\"sameAs\":[\"https:\/\/www.sound-ecology.com\"],\"url\":\"https:\/\/www.sound-ecology.com\/de\/author\/ans09-soueco333\/\"}]}<\/script>\n<!-- \/ Yoast SEO plugin. -->","yoast_head_json":{"title":"Gef\u00fchrte Touren zur urbanen Biodiversit\u00e4t in Zusammenarbeit mit LUGA - Luxembourg Urban Garden Art - Sound Ecology","description":"Experts en biodiversit\u00e9 : \u00e9tudes \u00e9cologiques, conseils en am\u00e9nagement et actions de sensibilisation \u00e0 la nature.","robots":{"index":"index","follow":"follow","max-snippet":"max-snippet:-1","max-image-preview":"max-image-preview:large","max-video-preview":"max-video-preview:-1"},"canonical":"https:\/\/www.sound-ecology.com\/de\/gefuehrte-touren-zur-urbanen-biodiversitaet-in-zusammenarbeit-mit-luga-luxembourg-urban-garden-art\/","og_locale":"de_DE","og_type":"article","og_title":"Gef\u00fchrte Touren zur urbanen Biodiversit\u00e4t in Zusammenarbeit mit LUGA - Luxembourg Urban Garden Art - Sound Ecology","og_description":"Experts en biodiversit\u00e9 : \u00e9tudes \u00e9cologiques, conseils en am\u00e9nagement et actions de sensibilisation \u00e0 la nature.","og_url":"https:\/\/www.sound-ecology.com\/de\/gefuehrte-touren-zur-urbanen-biodiversitaet-in-zusammenarbeit-mit-luga-luxembourg-urban-garden-art\/","og_site_name":"Sound Ecology","article_published_time":"2025-04-15T17:33:13+00:00","article_modified_time":"2025-09-15T14:00:46+00:00","og_image":[{"width":1920,"height":1080,"url":"https:\/\/www.sound-ecology.com\/wp-content\/uploads\/2025\/04\/sound-ecology-visitesguidees.jpg","type":"image\/jpeg"}],"author":"ans09-SouECO333","twitter_card":"summary_large_image","twitter_misc":{"Verfasst von":"ans09-SouECO333","Gesch\u00e4tzte Lesezeit":"2\u00a0Minuten"},"schema":{"@context":"https:\/\/schema.org","@graph":[{"@type":"Article","@id":"https:\/\/www.sound-ecology.com\/de\/gefuehrte-touren-zur-urbanen-biodiversitaet-in-zusammenarbeit-mit-luga-luxembourg-urban-garden-art\/#article","isPartOf":{"@id":"https:\/\/www.sound-ecology.com\/de\/gefuehrte-touren-zur-urbanen-biodiversitaet-in-zusammenarbeit-mit-luga-luxembourg-urban-garden-art\/"},"author":{"name":"ans09-SouECO333","@id":"https:\/\/www.sound-ecology.com\/de\/#\/schema\/person\/a2fedb997a8c6ad96b27cf5788015d1a"},"headline":"Gef\u00fchrte Touren zur urbanen Biodiversit\u00e4t in Zusammenarbeit mit LUGA &#8211; Luxembourg Urban Garden Art","datePublished":"2025-04-15T17:33:13+00:00","dateModified":"2025-09-15T14:00:46+00:00","mainEntityOfPage":{"@id":"https:\/\/www.sound-ecology.com\/de\/gefuehrte-touren-zur-urbanen-biodiversitaet-in-zusammenarbeit-mit-luga-luxembourg-urban-garden-art\/"},"wordCount":697,"publisher":{"@id":"https:\/\/www.sound-ecology.com\/de\/#organization"},"image":{"@id":"https:\/\/www.sound-ecology.com\/de\/gefuehrte-touren-zur-urbanen-biodiversitaet-in-zusammenarbeit-mit-luga-luxembourg-urban-garden-art\/#primaryimage"},"thumbnailUrl":"https:\/\/www.sound-ecology.com\/wp-content\/uploads\/2025\/04\/sound-ecology-visitesguidees.jpg","articleSection":["Nicht kategorisiert"],"inLanguage":"de"},{"@type":"WebPage","@id":"https:\/\/www.sound-ecology.com\/de\/gefuehrte-touren-zur-urbanen-biodiversitaet-in-zusammenarbeit-mit-luga-luxembourg-urban-garden-art\/","url":"https:\/\/www.sound-ecology.com\/de\/gefuehrte-touren-zur-urbanen-biodiversitaet-in-zusammenarbeit-mit-luga-luxembourg-urban-garden-art\/","name":"Gef\u00fchrte Touren zur urbanen Biodiversit\u00e4t in Zusammenarbeit mit LUGA - Luxembourg Urban Garden Art - Sound Ecology","isPartOf":{"@id":"https:\/\/www.sound-ecology.com\/de\/#website"},"primaryImageOfPage":{"@id":"https:\/\/www.sound-ecology.com\/de\/gefuehrte-touren-zur-urbanen-biodiversitaet-in-zusammenarbeit-mit-luga-luxembourg-urban-garden-art\/#primaryimage"},"image":{"@id":"https:\/\/www.sound-ecology.com\/de\/gefuehrte-touren-zur-urbanen-biodiversitaet-in-zusammenarbeit-mit-luga-luxembourg-urban-garden-art\/#primaryimage"},"thumbnailUrl":"https:\/\/www.sound-ecology.com\/wp-content\/uploads\/2025\/04\/sound-ecology-visitesguidees.jpg","datePublished":"2025-04-15T17:33:13+00:00","dateModified":"2025-09-15T14:00:46+00:00","description":"Experts en biodiversit\u00e9 : \u00e9tudes \u00e9cologiques, conseils en am\u00e9nagement et actions de sensibilisation \u00e0 la nature.","breadcrumb":{"@id":"https:\/\/www.sound-ecology.com\/de\/gefuehrte-touren-zur-urbanen-biodiversitaet-in-zusammenarbeit-mit-luga-luxembourg-urban-garden-art\/#breadcrumb"},"inLanguage":"de","potentialAction":[{"@type":"ReadAction","target":["https:\/\/www.sound-ecology.com\/de\/gefuehrte-touren-zur-urbanen-biodiversitaet-in-zusammenarbeit-mit-luga-luxembourg-urban-garden-art\/"]}]},{"@type":"ImageObject","inLanguage":"de","@id":"https:\/\/www.sound-ecology.com\/de\/gefuehrte-touren-zur-urbanen-biodiversitaet-in-zusammenarbeit-mit-luga-luxembourg-urban-garden-art\/#primaryimage","url":"https:\/\/www.sound-ecology.com\/wp-content\/uploads\/2025\/04\/sound-ecology-visitesguidees.jpg","contentUrl":"https:\/\/www.sound-ecology.com\/wp-content\/uploads\/2025\/04\/sound-ecology-visitesguidees.jpg","width":1920,"height":1080},{"@type":"BreadcrumbList","@id":"https:\/\/www.sound-ecology.com\/de\/gefuehrte-touren-zur-urbanen-biodiversitaet-in-zusammenarbeit-mit-luga-luxembourg-urban-garden-art\/#breadcrumb","itemListElement":[{"@type":"ListItem","position":1,"name":"Accueil","item":"https:\/\/www.sound-ecology.com\/de\/"},{"@type":"ListItem","position":2,"name":"Gef\u00fchrte Touren zur urbanen Biodiversit\u00e4t in Zusammenarbeit mit LUGA &#8211; Luxembourg Urban Garden Art"}]},{"@type":"WebSite","@id":"https:\/\/www.sound-ecology.com\/de\/#website","url":"https:\/\/www.sound-ecology.com\/de\/","name":"Sound Ecology","description":"Biodiversit\u00e9 &amp; V\u00e9g\u00e9talisation durable","publisher":{"@id":"https:\/\/www.sound-ecology.com\/de\/#organization"},"potentialAction":[{"@type":"SearchAction","target":{"@type":"EntryPoint","urlTemplate":"https:\/\/www.sound-ecology.com\/de\/?s={search_term_string}"},"query-input":{"@type":"PropertyValueSpecification","valueRequired":true,"valueName":"search_term_string"}}],"inLanguage":"de"},{"@type":"Organization","@id":"https:\/\/www.sound-ecology.com\/de\/#organization","name":"Sound Ecology","url":"https:\/\/www.sound-ecology.com\/de\/","logo":{"@type":"ImageObject","inLanguage":"de","@id":"https:\/\/www.sound-ecology.com\/de\/#\/schema\/logo\/image\/","url":"https:\/\/www.sound-ecology.com\/wp-content\/uploads\/2025\/02\/soundecology-logo-dark-1.svg","contentUrl":"https:\/\/www.sound-ecology.com\/wp-content\/uploads\/2025\/02\/soundecology-logo-dark-1.svg","width":"250","height":"93","caption":"Sound Ecology"},"image":{"@id":"https:\/\/www.sound-ecology.com\/de\/#\/schema\/logo\/image\/"},"sameAs":["https:\/\/www.linkedin.com\/company\/soundecology"]},{"@type":"Person","@id":"https:\/\/www.sound-ecology.com\/de\/#\/schema\/person\/a2fedb997a8c6ad96b27cf5788015d1a","name":"ans09-SouECO333","image":{"@type":"ImageObject","inLanguage":"de","@id":"https:\/\/www.sound-ecology.com\/de\/#\/schema\/person\/image\/","url":"https:\/\/secure.gravatar.com\/avatar\/69f6ac1402698044395f0a79060eafe7012810239ac2f3a93cf981f7cf8fe6fe?s=96&d=mm&r=g","contentUrl":"https:\/\/secure.gravatar.com\/avatar\/69f6ac1402698044395f0a79060eafe7012810239ac2f3a93cf981f7cf8fe6fe?s=96&d=mm&r=g","caption":"ans09-SouECO333"},"sameAs":["https:\/\/www.sound-ecology.com"],"url":"https:\/\/www.sound-ecology.com\/de\/author\/ans09-soueco333\/"}]}},"_links":{"self":[{"href":"https:\/\/www.sound-ecology.com\/de\/wp-json\/wp\/v2\/posts\/147022","targetHints":{"allow":["GET"]}}],"collection":[{"href":"https:\/\/www.sound-ecology.com\/de\/wp-json\/wp\/v2\/posts"}],"about":[{"href":"https:\/\/www.sound-ecology.com\/de\/wp-json\/wp\/v2\/types\/post"}],"author":[{"embeddable":true,"href":"https:\/\/www.sound-ecology.com\/de\/wp-json\/wp\/v2\/users\/1"}],"replies":[{"embeddable":true,"href":"https:\/\/www.sound-ecology.com\/de\/wp-json\/wp\/v2\/comments?post=147022"}],"version-history":[{"count":9,"href":"https:\/\/www.sound-ecology.com\/de\/wp-json\/wp\/v2\/posts\/147022\/revisions"}],"predecessor-version":[{"id":147232,"href":"https:\/\/www.sound-ecology.com\/de\/wp-json\/wp\/v2\/posts\/147022\/revisions\/147232"}],"wp:featuredmedia":[{"embeddable":true,"href":"https:\/\/www.sound-ecology.com\/de\/wp-json\/wp\/v2\/media\/146914"}],"wp:attachment":[{"href":"https:\/\/www.sound-ecology.com\/de\/wp-json\/wp\/v2\/media?parent=147022"}],"wp:term":[{"taxonomy":"category","embeddable":true,"href":"https:\/\/www.sound-ecology.com\/de\/wp-json\/wp\/v2\/categories?post=147022"},{"taxonomy":"post_tag","embeddable":true,"href":"https:\/\/www.sound-ecology.com\/de\/wp-json\/wp\/v2\/tags?post=147022"}],"curies":[{"name":"wp","href":"https:\/\/api.w.org\/{rel}","templated":true}]}}